{"id":125,"date":"2018-03-24T09:42:47","date_gmt":"2018-03-24T08:42:47","guid":{"rendered":"http:\/\/karin-burschik.de\/blog\/?p=125"},"modified":"2018-04-21T10:05:31","modified_gmt":"2018-04-21T08:05:31","slug":"frohe-oster-news","status":"publish","type":"post","link":"https:\/\/karin-burschik.de\/blog\/2018\/03\/24\/frohe-oster-news\/","title":{"rendered":"Frohe Oster-News"},"content":{"rendered":"<p><img loading=\"lazy\" decoding=\"async\" class=\"size-medium wp-image-126 alignleft\" src=\"https:\/\/karin-burschik.de\/blog\/wp-content\/uploads\/2018\/03\/Publizistin-Hund-Fotolia_103700216_S-300x200.jpg\" alt=\"Hund hlt Zeitung im Maul\" width=\"300\" height=\"200\" srcset=\"https:\/\/karin-burschik.de\/blog\/wp-content\/uploads\/2018\/03\/Publizistin-Hund-Fotolia_103700216_S-300x200.jpg 300w, https:\/\/karin-burschik.de\/blog\/wp-content\/uploads\/2018\/03\/Publizistin-Hund-Fotolia_103700216_S-768x512.jpg 768w, https:\/\/karin-burschik.de\/blog\/wp-content\/uploads\/2018\/03\/Publizistin-Hund-Fotolia_103700216_S-619x413.jpg 619w, https:\/\/karin-burschik.de\/blog\/wp-content\/uploads\/2018\/03\/Publizistin-Hund-Fotolia_103700216_S.jpg 849w\" sizes=\"auto, (max-width: 300px) 85vw, 300px\" \/><\/p>\n<p>Traditionell ist Ostern ja das Fest der guten Nachricht. Damit aber haben es die meisten Medien nicht so \u2026<\/p>\n<p>Im Umgang damit gef\u00e4llt mir der goldene Mittelweg: sich weder dem Weltgeschehen zu verschlie\u00dfen, noch sich davon beherrschen zu lassen. Zum Beispiel durch die Entwicklung von Mitgef\u00fchl angesichts von Leiden. Und ganz viel Mitfreude in Gedanken an alle, die das Problem nie hatten oder \u00fcberwunden haben.<\/p>\n<p>Au\u00dferdem lese ich gern die guten Nachrichten bei den <a href=\"https:\/\/www.newslichter.de\">Newslichtern<\/a> oder auf <a href=\"https:\/\/ourworldindata.org\/a-history-of-global-living-conditions-in-5-charts?linkId=35102093\">Our World in Data<\/a>. Und die lustigen Nachrichten beim Satiremagazin <a href=\"http:\/\/www.der-postillon.com\">Der Postillion<\/a>.<\/p>\n<p>Einen guten Umgang mit guten und schlechten Nachrichten und eine sch\u00f6ne Osterzeit!<\/p>\n","protected":false},"excerpt":{"rendered":"<p>Traditionell ist Ostern ja das Fest der guten Nachricht. Damit aber haben es die meisten Medien nicht so \u2026 Im Umgang damit gef\u00e4llt mir der goldene Mittelweg: sich weder dem Weltgeschehen zu verschlie\u00dfen, noch sich davon beherrschen zu lassen. Zum Beispiel durch die Entwicklung von Mitgef\u00fchl angesichts von Leiden. Und ganz viel Mitfreude in Gedanken &hellip; <a href=\"https:\/\/karin-burschik.de\/blog\/2018\/03\/24\/frohe-oster-news\/\" class=\"more-link\"><span class=\"screen-reader-text\">\u201eFrohe Oster-News\u201c <\/span>weiterlesen<\/a><\/p>\n","protected":false},"author":1,"featured_media":0,"comment_status":"open","ping_status":"open","sticky":false,"template":"","format":"standard","meta":{"footnotes":""},"categories":[6],"tags":[],"class_list":["post-125","post","type-post","status-publish","format-standard","hentry","category-freude"],"_links":{"self":[{"href":"https:\/\/karin-burschik.de\/blog\/wp-json\/wp\/v2\/posts\/125","targetHints":{"allow":["GET"]}}],"collection":[{"href":"https:\/\/karin-burschik.de\/blog\/wp-json\/wp\/v2\/posts"}],"about":[{"href":"https:\/\/karin-burschik.de\/blog\/wp-json\/wp\/v2\/types\/post"}],"author":[{"embeddable":true,"href":"https:\/\/karin-burschik.de\/blog\/wp-json\/wp\/v2\/users\/1"}],"replies":[{"embeddable":true,"href":"https:\/\/karin-burschik.de\/blog\/wp-json\/wp\/v2\/comments?post=125"}],"version-history":[{"count":6,"href":"https:\/\/karin-burschik.de\/blog\/wp-json\/wp\/v2\/posts\/125\/revisions"}],"predecessor-version":[{"id":142,"href":"https:\/\/karin-burschik.de\/blog\/wp-json\/wp\/v2\/posts\/125\/revisions\/142"}],"wp:attachment":[{"href":"https:\/\/karin-burschik.de\/blog\/wp-json\/wp\/v2\/media?parent=125"}],"wp:term":[{"taxonomy":"category","embeddable":true,"href":"https:\/\/karin-burschik.de\/blog\/wp-json\/wp\/v2\/categories?post=125"},{"taxonomy":"post_tag","embeddable":true,"href":"https:\/\/karin-burschik.de\/blog\/wp-json\/wp\/v2\/tags?post=125"}],"curies":[{"name":"wp","href":"https:\/\/api.w.org\/{rel}","templated":true}]}}