{"id":237,"date":"2020-01-25T09:38:10","date_gmt":"2020-01-25T08:38:10","guid":{"rendered":"http:\/\/karin-burschik.de\/blog\/?p=237"},"modified":"2020-01-25T09:40:03","modified_gmt":"2020-01-25T08:40:03","slug":"mehr-licht","status":"publish","type":"post","link":"https:\/\/karin-burschik.de\/blog\/2020\/01\/25\/mehr-licht\/","title":{"rendered":"Mehr Licht!"},"content":{"rendered":"<p><img loading=\"lazy\" decoding=\"async\" class=\"alignnone size-medium wp-image-239 alignright\" src=\"https:\/\/karin-burschik.de\/blog\/wp-content\/uploads\/2020\/01\/forest-1950402_640-300x190.jpg\" alt=\"forest-1950402_640\" width=\"300\" height=\"190\" srcset=\"https:\/\/karin-burschik.de\/blog\/wp-content\/uploads\/2020\/01\/forest-1950402_640-300x190.jpg 300w, https:\/\/karin-burschik.de\/blog\/wp-content\/uploads\/2020\/01\/forest-1950402_640-619x392.jpg 619w, https:\/\/karin-burschik.de\/blog\/wp-content\/uploads\/2020\/01\/forest-1950402_640.jpg 640w\" sizes=\"auto, (max-width: 300px) 85vw, 300px\" \/>Dies sollen Goethes letzte Worte gewesen sein.<\/p>\n<p>Das erstaunt mich nicht. Vielleicht geht es dir ja \u00e4hnlich, und du bist einfach besser drauf, wenn die Sonne scheint. Dann aber nix wie raus, wann immer m\u00f6glich, denn das ist ja sooo gesund.<\/p>\n<p>Vor allem, wenn du in den Wald gehst. Wie viel Erstaunliches es dort zu entdecken gibt, beschreibt Peter Wohlleben ganz wunderbar in seinen B\u00fcchern. Sein Bestseller \u201eDas geheime Leben der B\u00e4ume\u201c wurde verfilmt und ist gerade in die Kinos gekommen, siehe <a href=\"https:\/\/www.constantin-film.de\/news\/das-geheime-leben-der-baeume-ab-23-januar-2020-im-kino\">hier<\/a>.<\/p>\n<p>Aber was, wenn es drau\u00dfen nasskalt ist, neblig, tr\u00fcb, einfach oselig?<\/p>\n<p>Dann k\u00f6nnen wir uns zu Hause ganz gem\u00fctlich strahlendes Licht vorstellen und in die Zellen bringen. Oder sonnige Gef\u00fchle kultivieren. Wie wohl das tut, belegen zahlreiche Studien aus dem neuen Wissenschaftszweig der Psycho-Neuro-Immunologie.<\/p>\n<p>Aber nicht falsch verstehen. Auch schwierige Gef\u00fchle d\u00fcrfen sein. \u00c4rger, Angst und Traurigkeit geh\u00f6ren zum Leben dazu. Doch wenn wir sie einmal richtig gef\u00fchlt und ihre Botschaft ernst genommen haben, l\u00f6sen sie sich rasch wieder auf. Dann m\u00fcssen wir sie nicht l\u00e4nger bebr\u00fcten und k\u00f6nnen uns wieder auf die Sonnenseite des Lebens stellen. Erhellendes zu diesem Thema schreibt zum Beispiel Anette Dr\u00f6ge in \u201e<a href=\"https:\/\/www.thalia.de\/shop\/home\/artikeldetails\/ID143203587.html\">F\u00fchlen ist gesund<\/a>\u201c.<\/p>\n","protected":false},"excerpt":{"rendered":"<p>Dies sollen Goethes letzte Worte gewesen sein. Das erstaunt mich nicht. Vielleicht geht es dir ja \u00e4hnlich, und du bist einfach besser drauf, wenn die Sonne scheint. Dann aber nix wie raus, wann immer m\u00f6glich, denn das ist ja sooo gesund. Vor allem, wenn du in den Wald gehst. Wie viel Erstaunliches es dort zu &hellip; <a href=\"https:\/\/karin-burschik.de\/blog\/2020\/01\/25\/mehr-licht\/\" class=\"more-link\"><span class=\"screen-reader-text\">\u201eMehr Licht!\u201c <\/span>weiterlesen<\/a><\/p>\n","protected":false},"author":1,"featured_media":0,"comment_status":"open","ping_status":"open","sticky":false,"template":"","format":"standard","meta":{"footnotes":""},"categories":[6],"tags":[],"class_list":["post-237","post","type-post","status-publish","format-standard","hentry","category-freude"],"_links":{"self":[{"href":"https:\/\/karin-burschik.de\/blog\/wp-json\/wp\/v2\/posts\/237","targetHints":{"allow":["GET"]}}],"collection":[{"href":"https:\/\/karin-burschik.de\/blog\/wp-json\/wp\/v2\/posts"}],"about":[{"href":"https:\/\/karin-burschik.de\/blog\/wp-json\/wp\/v2\/types\/post"}],"author":[{"embeddable":true,"href":"https:\/\/karin-burschik.de\/blog\/wp-json\/wp\/v2\/users\/1"}],"replies":[{"embeddable":true,"href":"https:\/\/karin-burschik.de\/blog\/wp-json\/wp\/v2\/comments?post=237"}],"version-history":[{"count":3,"href":"https:\/\/karin-burschik.de\/blog\/wp-json\/wp\/v2\/posts\/237\/revisions"}],"predecessor-version":[{"id":241,"href":"https:\/\/karin-burschik.de\/blog\/wp-json\/wp\/v2\/posts\/237\/revisions\/241"}],"wp:attachment":[{"href":"https:\/\/karin-burschik.de\/blog\/wp-json\/wp\/v2\/media?parent=237"}],"wp:term":[{"taxonomy":"category","embeddable":true,"href":"https:\/\/karin-burschik.de\/blog\/wp-json\/wp\/v2\/categories?post=237"},{"taxonomy":"post_tag","embeddable":true,"href":"https:\/\/karin-burschik.de\/blog\/wp-json\/wp\/v2\/tags?post=237"}],"curies":[{"name":"wp","href":"https:\/\/api.w.org\/{rel}","templated":true}]}}