{"id":397,"date":"2022-06-02T09:27:44","date_gmt":"2022-06-02T07:27:44","guid":{"rendered":"http:\/\/karin-burschik.de\/blog\/?p=397"},"modified":"2022-06-05T21:03:49","modified_gmt":"2022-06-05T19:03:49","slug":"das-setzt-dem-fass-das-coroenchen-auf","status":"publish","type":"post","link":"https:\/\/karin-burschik.de\/blog\/2022\/06\/02\/das-setzt-dem-fass-das-coroenchen-auf\/","title":{"rendered":"Das setzt dem Fass das Cor\u00f6nchen auf"},"content":{"rendered":"<p><em><img loading=\"lazy\" decoding=\"async\" class=\"alignleft size-medium wp-image-401\" src=\"https:\/\/karin-burschik.de\/blog\/wp-content\/uploads\/2022\/06\/coronavirus-5105096_1920-300x300.png\" alt=\"coronavirus-5105096_1920\" width=\"300\" height=\"300\" srcset=\"https:\/\/karin-burschik.de\/blog\/wp-content\/uploads\/2022\/06\/coronavirus-5105096_1920-300x300.png 300w, https:\/\/karin-burschik.de\/blog\/wp-content\/uploads\/2022\/06\/coronavirus-5105096_1920-150x150.png 150w, https:\/\/karin-burschik.de\/blog\/wp-content\/uploads\/2022\/06\/coronavirus-5105096_1920-768x768.png 768w, https:\/\/karin-burschik.de\/blog\/wp-content\/uploads\/2022\/06\/coronavirus-5105096_1920-1024x1024.png 1024w, https:\/\/karin-burschik.de\/blog\/wp-content\/uploads\/2022\/06\/coronavirus-5105096_1920-1200x1200.png 1200w, https:\/\/karin-burschik.de\/blog\/wp-content\/uploads\/2022\/06\/coronavirus-5105096_1920.png 1920w\" sizes=\"auto, (max-width: 300px) 85vw, 300px\" \/><\/em><\/p>\n<p><em>Ganz egal, ob wir gerade das Ende oder eine Verschnaufpause erleben \u2013 aufgearbeitet werden muss die C-Krise. Dies tue ich nun mit der sch\u00e4rfsten Waffe, die ich im K\u00f6cher habe: dem Humor.<\/em><\/p>\n<p>&nbsp;<\/p>\n<p>&nbsp;<\/p>\n<p><strong>Die C-Krise ist vorbei.<\/strong><\/p>\n<p><strong>Jedenfalls f\u00fcr mich.<\/strong><\/p>\n<p><strong>Ich bin einfach zu besch\u00e4ftigt damit, aus anderen Gr\u00fcnden vor Angst zu schlottern oder mich dumm und d\u00e4mlich zu \u00e4rgern.<\/strong><\/p>\n<p><strong>Dennoch wallt in mir zuweilen die Sehnsucht nach unserer absurden C-Zeit auf. Darum g\u00f6nne ich uns nun einen nostalgischen Blick zur\u00fcck, damit wir uns die letzten C-Reste von der Seele lachen k\u00f6nnen, um dann klaren Blickes auf die n\u00e4chste Propaganda hereinzufallen.<\/strong><\/p>\n<p><a href=\"https:\/\/karin-burschik.de\/downloads\/das-setzt-dem-fass-das-coroenchen-auf.pdf\">(Weiterlesen)<\/a><\/p>\n","protected":false},"excerpt":{"rendered":"<p>Ganz egal, ob wir gerade das Ende oder eine Verschnaufpause erleben \u2013 aufgearbeitet werden muss die C-Krise. Dies tue ich nun mit der sch\u00e4rfsten Waffe, die ich im K\u00f6cher habe: dem Humor. &nbsp; &nbsp; Die C-Krise ist vorbei. Jedenfalls f\u00fcr mich. Ich bin einfach zu besch\u00e4ftigt damit, aus anderen Gr\u00fcnden vor Angst zu schlottern oder &hellip; <a href=\"https:\/\/karin-burschik.de\/blog\/2022\/06\/02\/das-setzt-dem-fass-das-coroenchen-auf\/\" class=\"more-link\"><span class=\"screen-reader-text\">\u201eDas setzt dem Fass das Cor\u00f6nchen auf\u201c <\/span>weiterlesen<\/a><\/p>\n","protected":false},"author":1,"featured_media":0,"comment_status":"open","ping_status":"open","sticky":false,"template":"","format":"standard","meta":{"footnotes":""},"categories":[6,4],"tags":[39,38],"class_list":["post-397","post","type-post","status-publish","format-standard","hentry","category-freude","category-schreiben","tag-c-krise","tag-humor"],"_links":{"self":[{"href":"https:\/\/karin-burschik.de\/blog\/wp-json\/wp\/v2\/posts\/397","targetHints":{"allow":["GET"]}}],"collection":[{"href":"https:\/\/karin-burschik.de\/blog\/wp-json\/wp\/v2\/posts"}],"about":[{"href":"https:\/\/karin-burschik.de\/blog\/wp-json\/wp\/v2\/types\/post"}],"author":[{"embeddable":true,"href":"https:\/\/karin-burschik.de\/blog\/wp-json\/wp\/v2\/users\/1"}],"replies":[{"embeddable":true,"href":"https:\/\/karin-burschik.de\/blog\/wp-json\/wp\/v2\/comments?post=397"}],"version-history":[{"count":5,"href":"https:\/\/karin-burschik.de\/blog\/wp-json\/wp\/v2\/posts\/397\/revisions"}],"predecessor-version":[{"id":404,"href":"https:\/\/karin-burschik.de\/blog\/wp-json\/wp\/v2\/posts\/397\/revisions\/404"}],"wp:attachment":[{"href":"https:\/\/karin-burschik.de\/blog\/wp-json\/wp\/v2\/media?parent=397"}],"wp:term":[{"taxonomy":"category","embeddable":true,"href":"https:\/\/karin-burschik.de\/blog\/wp-json\/wp\/v2\/categories?post=397"},{"taxonomy":"post_tag","embeddable":true,"href":"https:\/\/karin-burschik.de\/blog\/wp-json\/wp\/v2\/tags?post=397"}],"curies":[{"name":"wp","href":"https:\/\/api.w.org\/{rel}","templated":true}]}}