{"id":414,"date":"2022-07-19T20:08:12","date_gmt":"2022-07-19T18:08:12","guid":{"rendered":"http:\/\/karin-burschik.de\/blog\/?p=414"},"modified":"2022-07-19T20:08:12","modified_gmt":"2022-07-19T18:08:12","slug":"tag-der-freude","status":"publish","type":"post","link":"https:\/\/karin-burschik.de\/blog\/2022\/07\/19\/tag-der-freude\/","title":{"rendered":"Tag der Freude"},"content":{"rendered":"<p><img loading=\"lazy\" decoding=\"async\" class=\"alignleft size-medium wp-image-415\" src=\"https:\/\/karin-burschik.de\/blog\/wp-content\/uploads\/2022\/07\/smiley-1709212_1920-30-300x134.jpg\" alt=\"smiley-1709212_1920 30\" width=\"300\" height=\"134\" srcset=\"https:\/\/karin-burschik.de\/blog\/wp-content\/uploads\/2022\/07\/smiley-1709212_1920-30-300x134.jpg 300w, https:\/\/karin-burschik.de\/blog\/wp-content\/uploads\/2022\/07\/smiley-1709212_1920-30.jpg 672w\" sizes=\"auto, (max-width: 300px) 85vw, 300px\" \/>Am 24. Juli feiern wir den Internationalen Tag der Freude. Eine gute Gelegenheit, sich\u00a0zu fragen: Was macht mich wirklich gl\u00fccklich?<\/p>\n<p>Ist es k\u00f6rperliche und seelische Gesundheit? Dann fallen dir sicherlich tausend Sachen ein, wie du sie f\u00f6rdern kannst. Ich denke zum Beispiel an Bewegung, Entspannung und Meditation. Kannst du gern mitmachen, denn es gibt noch freie Pl\u00e4tze in meinen Yoga- und Yoga-Pilates-Ferienkursen.<\/p>\n<p>Oder sind es sch\u00f6ne Erfahrungen, zum Beispiel im Urlaub oder auf Festen? Dann kann ich dir das Jubil\u00e4umsfest vom <a href=\"https:\/\/www.tinaschacky.de\">Yoga-Treff<\/a>\u00a0am 6. 8. w\u00e4rmstens ans Herz legen. Da gibt es die verschiedensten St\u00e4nde, lecker Essen und interessante Veranstaltungen: eine bewegte Friedens-Meditation, Lach-Yoga und ein Harfenkonzert. Au\u00dferdem lese ich aus meinen B\u00fcchern, komme also ganz bestimmt. Und ein Alpaka auch.<\/p>\n<p>Vielleicht ist es auch eine sch\u00f6ne Beziehung, die dir Gl\u00fcck und Freude schenkt. Dass die nicht vom Himmel f\u00e4llt, wirst du wissen und dein M\u00f6glichstes tun, deine Liebesf\u00e4higkeit zu entfalten und Zugang zu finden zur bedingungslosen Liebe, zum G\u00f6ttlichen in dir. Womit wir wieder beim Yoga w\u00e4ren \u2013 einer M\u00f6glichkeit, das G\u00f6ttliche und das Menschliche zusammen zu bringen. Dann ist jeder Tag ein Tag der Freude.<\/p>\n","protected":false},"excerpt":{"rendered":"<p>Am 24. Juli feiern wir den Internationalen Tag der Freude. Eine gute Gelegenheit, sich\u00a0zu fragen: Was macht mich wirklich gl\u00fccklich? Ist es k\u00f6rperliche und seelische Gesundheit? Dann fallen dir sicherlich tausend Sachen ein, wie du sie f\u00f6rdern kannst. Ich denke zum Beispiel an Bewegung, Entspannung und Meditation. Kannst du gern mitmachen, denn es gibt noch &hellip; <a href=\"https:\/\/karin-burschik.de\/blog\/2022\/07\/19\/tag-der-freude\/\" class=\"more-link\"><span class=\"screen-reader-text\">\u201eTag der Freude\u201c <\/span>weiterlesen<\/a><\/p>\n","protected":false},"author":1,"featured_media":0,"comment_status":"open","ping_status":"open","sticky":false,"template":"","format":"standard","meta":{"footnotes":""},"categories":[6,17,30],"tags":[45,43,44],"class_list":["post-414","post","type-post","status-publish","format-standard","hentry","category-freude","category-gesundheit","category-spiritualitaet","tag-das-goettliche","tag-freude","tag-yoga"],"_links":{"self":[{"href":"https:\/\/karin-burschik.de\/blog\/wp-json\/wp\/v2\/posts\/414","targetHints":{"allow":["GET"]}}],"collection":[{"href":"https:\/\/karin-burschik.de\/blog\/wp-json\/wp\/v2\/posts"}],"about":[{"href":"https:\/\/karin-burschik.de\/blog\/wp-json\/wp\/v2\/types\/post"}],"author":[{"embeddable":true,"href":"https:\/\/karin-burschik.de\/blog\/wp-json\/wp\/v2\/users\/1"}],"replies":[{"embeddable":true,"href":"https:\/\/karin-burschik.de\/blog\/wp-json\/wp\/v2\/comments?post=414"}],"version-history":[{"count":1,"href":"https:\/\/karin-burschik.de\/blog\/wp-json\/wp\/v2\/posts\/414\/revisions"}],"predecessor-version":[{"id":416,"href":"https:\/\/karin-burschik.de\/blog\/wp-json\/wp\/v2\/posts\/414\/revisions\/416"}],"wp:attachment":[{"href":"https:\/\/karin-burschik.de\/blog\/wp-json\/wp\/v2\/media?parent=414"}],"wp:term":[{"taxonomy":"category","embeddable":true,"href":"https:\/\/karin-burschik.de\/blog\/wp-json\/wp\/v2\/categories?post=414"},{"taxonomy":"post_tag","embeddable":true,"href":"https:\/\/karin-burschik.de\/blog\/wp-json\/wp\/v2\/tags?post=414"}],"curies":[{"name":"wp","href":"https:\/\/api.w.org\/{rel}","templated":true}]}}