{"id":480,"date":"2023-08-02T10:50:23","date_gmt":"2023-08-02T08:50:23","guid":{"rendered":"https:\/\/karin-burschik.de\/blog\/?p=480"},"modified":"2023-08-02T11:04:42","modified_gmt":"2023-08-02T09:04:42","slug":"gott-sei-dank","status":"publish","type":"post","link":"https:\/\/karin-burschik.de\/blog\/2023\/08\/02\/gott-sei-dank\/","title":{"rendered":"Gott sei Dank"},"content":{"rendered":"\n<p>Wer mich kennt, wei\u00df: Ich hab\u2019s gern warm und sonnig.<\/p>\n\n\n\n<p>Was also tun in diesem besch \u2026 eidenen Sommer?<\/p>\n\n\n\n<figure class=\"wp-block-image size-full\"><img loading=\"lazy\" decoding=\"async\" width=\"346\" height=\"387\" src=\"https:\/\/karin-burschik.de\/blog\/wp-content\/uploads\/2023\/08\/zucch-1-beschnitten-10.jpg\" alt=\"\" class=\"wp-image-486\" srcset=\"https:\/\/karin-burschik.de\/blog\/wp-content\/uploads\/2023\/08\/zucch-1-beschnitten-10.jpg 346w, https:\/\/karin-burschik.de\/blog\/wp-content\/uploads\/2023\/08\/zucch-1-beschnitten-10-268x300.jpg 268w\" sizes=\"auto, (max-width: 346px) 85vw, 346px\" \/><\/figure>\n\n\n\n<p>Mich freuen, dass auf meiner Gartenparzelle alles so gut gedeiht. Nicht nur die Zucchini. Auch Salat und Bohnen, Kohl und Kartoffeln etc. f\u00fchlen sich sehr wohl. Und in freier Wildbahn gibt\u2019s jetzt reichlich Brombeeren und Brennnesselsamen, wof\u00fcr ich sehr dankbar bin.<\/p>\n\n\n\n<p>\u00dcberhaupt bin ich der Pflanzenwelt sehr dankbar. Wie wohltuend ein Waldspaziergang ist, wei\u00dft du sicher selbst. Zimmerpflanzen tun auch sehr gut. Nicht nur, weil sie einer <a href=\"https:\/\/www.forschung-und-wissen.de\/nachrichten\/medizin\/zimmerpflanzen-beseitigen-97-prozent-der-umweltgifte-aus-der-luft-13377870?ct=t%282023_07_26%29\">Studie<\/a> zufolge 97% aller Umweltgifte beseitigen, sondern auch, weil sie gut riechen und ihre Bl\u00fctenpracht das Herz erfreut. Ja, es tut schon gut, sich nur um sie k\u00fcmmern zu d\u00fcrfen.<\/p>\n\n\n\n<p>Aber warum Gott daf\u00fcr danken? Ist denn nicht alles irgendwie durch Zufall und von ganz allein aus toter Materie entstanden? Abiogenese nennt sich diese Theorie. Diese wurde m. E. inzwischen widerlegt, z. B. von Prof. Dr. Oliver Lazar in dieser <a href=\"https:\/\/www.youtube.com\/watch?v=GMIUh3j8hx4&amp;list=PLol-wr9C4IumcNoS7Hlsn-BaY7xVaOrmZ\">Video-Reihe<\/a> und in seinem Buch \u201eJenseits von Materie\u201c.<\/p>\n\n\n\n<p>Ja, da sind und waren intelligente, sch\u00f6pferische Kr\u00e4fte am Werk, wie z. B. <a href=\"http:\/\/www.intelligentdesigner.de\/\">hier<\/a> dargelegt. Diese Kr\u00e4fte k\u00f6nnen auch als Wesenheiten erlebt werden, als Geister, Naturwesen, G\u00f6tter oder G\u00f6ttinnen. In meiner Welt gibt es die tats\u00e4chlich, und ich kann mich ihnen zuwenden und sie als wohltuend und segensreich erleben.<\/p>\n\n\n\n<p>Gott sei Dank!<\/p>\n","protected":false},"excerpt":{"rendered":"<p>Wer mich kennt, wei\u00df: Ich hab\u2019s gern warm und sonnig. Was also tun in diesem besch \u2026 eidenen Sommer? Mich freuen, dass auf meiner Gartenparzelle alles so gut gedeiht. Nicht nur die Zucchini. Auch Salat und Bohnen, Kohl und Kartoffeln etc. f\u00fchlen sich sehr wohl. Und in freier Wildbahn gibt\u2019s jetzt reichlich Brombeeren und Brennnesselsamen, &hellip; <a href=\"https:\/\/karin-burschik.de\/blog\/2023\/08\/02\/gott-sei-dank\/\" class=\"more-link\"><span class=\"screen-reader-text\">\u201eGott sei Dank\u201c <\/span>weiterlesen<\/a><\/p>\n","protected":false},"author":1,"featured_media":0,"comment_status":"open","ping_status":"open","sticky":false,"template":"","format":"standard","meta":{"footnotes":""},"categories":[6,30],"tags":[63,64,61,15,62],"class_list":["post-480","post","type-post","status-publish","format-standard","hentry","category-freude","category-spiritualitaet","tag-evolution","tag-intelligent-design","tag-pflanzen","tag-wetter","tag-zufall"],"_links":{"self":[{"href":"https:\/\/karin-burschik.de\/blog\/wp-json\/wp\/v2\/posts\/480","targetHints":{"allow":["GET"]}}],"collection":[{"href":"https:\/\/karin-burschik.de\/blog\/wp-json\/wp\/v2\/posts"}],"about":[{"href":"https:\/\/karin-burschik.de\/blog\/wp-json\/wp\/v2\/types\/post"}],"author":[{"embeddable":true,"href":"https:\/\/karin-burschik.de\/blog\/wp-json\/wp\/v2\/users\/1"}],"replies":[{"embeddable":true,"href":"https:\/\/karin-burschik.de\/blog\/wp-json\/wp\/v2\/comments?post=480"}],"version-history":[{"count":5,"href":"https:\/\/karin-burschik.de\/blog\/wp-json\/wp\/v2\/posts\/480\/revisions"}],"predecessor-version":[{"id":490,"href":"https:\/\/karin-burschik.de\/blog\/wp-json\/wp\/v2\/posts\/480\/revisions\/490"}],"wp:attachment":[{"href":"https:\/\/karin-burschik.de\/blog\/wp-json\/wp\/v2\/media?parent=480"}],"wp:term":[{"taxonomy":"category","embeddable":true,"href":"https:\/\/karin-burschik.de\/blog\/wp-json\/wp\/v2\/categories?post=480"},{"taxonomy":"post_tag","embeddable":true,"href":"https:\/\/karin-burschik.de\/blog\/wp-json\/wp\/v2\/tags?post=480"}],"curies":[{"name":"wp","href":"https:\/\/api.w.org\/{rel}","templated":true}]}}